{"id":35,"date":"2016-01-01T11:17:43","date_gmt":"2016-01-01T10:17:43","guid":{"rendered":"http:\/\/rachecourt.be\/?p=35"},"modified":"2017-02-07T13:06:41","modified_gmt":"2017-02-07T12:06:41","slug":"cercle-royal-patria","status":"publish","type":"post","link":"https:\/\/rachecourt.be\/index.php\/2016\/01\/01\/cercle-royal-patria\/","title":{"rendered":"Cercle Royal Patria"},"content":{"rendered":"<p><b>Contacts <\/b><\/p>\n<p><strong>R\u00e9servation Cercle Patria<\/strong><br \/>\nC\u00e9cile Woillard<\/p>\n<p>Rue de\u00a0Rimond, 298<br \/>\nt\u00e9l\u00e9phone : 063\/67.82.90<\/p>\n<p><b>R\u00e9servation\u00a0Cercle Roger Laurent<\/b><br \/>\nPhilippe Petrement<\/p>\n<p>rue basse, 92<br \/>\nt\u00e9l\u00e9phone : 063\/44.58.71<br \/>\nemail: philippe.petrement@skynet.be<\/p>\n<p><b>Tr\u00e9sorier<\/b><br \/>\nPierre Lefort<\/p>\n<p>Rue de la Marne, 283<br \/>\nt\u00e9l\u00e9phone : 063\/22.46.97<br \/>\nemail: pierre.lefort@skynet.be<\/p>\n<p><b>Secr\u00e9tariat<\/b><br \/>\nChristian Delvaux<\/p>\n<p>A la Fache, 6<br \/>\nt\u00e9l\u00e9phone : 063\/22.49.69<br \/>\nemail: christian.delvaux@perso.be<\/p>\n<p><!--more--><\/p>\n<p><strong>Historique<\/strong><\/p>\n<p><span style=\"font-weight: 400;\">En novembre 1912, un groupe de jeunes gens d\u00e9cid\u00e8rent de cr\u00e9er un cercle dramatique \u00e0 Rachecourt. Ce furent Emile Badoux et L\u00e9on Feltz qui en eurent l\u2019id\u00e9e, encourag\u00e9s par Hilaire Fourny qui promettait de mettre \u00e0 la disposition de la nouvelle soci\u00e9t\u00e9 les locaux indispensables aux r\u00e9p\u00e9titions.<\/span><\/p>\n<p><span style=\"font-weight: 400;\">Dans une des nombreuses pi\u00e8ces de l\u2019\u00e9tage du moulin, nos artistes en herbe firent leurs premiers d\u00e9buts. Sous la houlette de l\u2019instituteur Gaupin, le Cercle exhibait sa premi\u00e8re repr\u00e9sentation \u00e0 No\u00ebl 1913 sur les planches de l\u2019\u00e9cole gardienne.<\/span><\/p>\n<p><span style=\"font-weight: 400;\">Apr\u00e8s la guerre de 14, gr\u00e2ce \u00e0 l\u2019arriv\u00e9e de l\u2019abb\u00e9 Lemaire, notre troupe connait un nouvel \u00e9lan. En 1927 ils ach\u00e8tent un hangar d\u00e9montable et le baptisent \u00ab La Baraque \u00bb, durant plus de trente ans ce local provisoire les accueilli.<\/span><\/p>\n<p><span style=\"font-weight: 400;\">En 1945, le hangar tombant en ruine, une grande d\u00e9cision fut prise : Raymond Milang , au nom du cercle, achetait la maison Berger. Ce fut alors la valse des truelles, pelles et pioches pour en faire le local qui allait abriter th\u00e9\u00e2tre, cin\u00e9ma, buvettes et autres activit\u00e9s.<\/span><\/p>\n<p><span style=\"font-weight: 400;\">De ce moment \u00e0 nos jours, le cercle n\u2019a pas cess\u00e9 de s\u2019\u00e9tendre (achat en 1972 de la maison Mathieu-Labb\u00e9, de la prairie se trouvant en face) et de transformer \u00e0 maintes reprises ses b\u00e2timents pour les garder aux normes de s\u00e9curit\u00e9s requises pour l\u2019acc\u00e8s au public.<\/span><\/p>\n<p><span style=\"font-weight: 400;\">Le cercle est g\u00e9r\u00e9 par une \u00e9quipe de b\u00e9n\u00e9voles sous la tutelle de l\u2019ASBL des \u0152uvres Paroissiales du Doyenn\u00e9 de Messancy. Il est propri\u00e9taire de 2 salles, d\u2019une maison et d\u2019une prairie am\u00e9nag\u00e9e en plaine de jeux, verger et arboretum. Il est reconnu \u00e9ducation permanente par la Communaut\u00e9 Fran\u00e7aise pour toutes ses activit\u00e9s culturelles.<\/span><\/p>\n<p><b>Activit\u00e9s :<\/b><\/p>\n<p><span style=\"font-weight: 400;\">&#8211; Spectacles (th\u00e9\u00e2tre-conf\u00e9rence \u2026) <\/span><\/p>\n<p><span style=\"font-weight: 400;\">&#8211; Apr\u00e8s-midi r\u00e9cr\u00e9atif de St Nicolas <\/span><\/p>\n<p><span style=\"font-weight: 400;\">&#8211; Participation \u00e0 la f\u00eate des pommes <\/span><\/p>\n<p><span style=\"font-weight: 400;\">&#8211; Endroit de camp <\/span><\/p>\n<p><span style=\"font-weight: 400;\">&#8211; Locations de salles pour banquets<\/span><\/p>\n","protected":false},"excerpt":{"rendered":"<p>Contacts R\u00e9servation Cercle Patria C\u00e9cile Woillard Rue de\u00a0Rimond, 298 t\u00e9l\u00e9phone : 063\/67.82.90 R\u00e9servation\u00a0Cercle Roger Laurent Philippe Petrement rue basse, 92 t\u00e9l\u00e9phone : 063\/44.58.71 email: philippe.petrement@skynet.be Tr\u00e9sorier Pierre Lefort Rue de la Marne, 283 t\u00e9l\u00e9phone : 063\/22.46.97 email: pierre.lefort@skynet.be Secr\u00e9tariat Christian Delvaux A la Fache, 6 t\u00e9l\u00e9phone : 063\/22.49.69 email: christian.delvaux@perso.be<\/p>\n","protected":false},"author":1,"featured_media":0,"comment_status":"closed","ping_status":"open","sticky":false,"template":"","format":"standard","meta":[],"categories":[6],"tags":[],"_links":{"self":[{"href":"https:\/\/rachecourt.be\/index.php\/wp-json\/wp\/v2\/posts\/35"}],"collection":[{"href":"https:\/\/rachecourt.be\/index.php\/wp-json\/wp\/v2\/posts"}],"about":[{"href":"https:\/\/rachecourt.be\/index.php\/wp-json\/wp\/v2\/types\/post"}],"author":[{"embeddable":true,"href":"https:\/\/rachecourt.be\/index.php\/wp-json\/wp\/v2\/users\/1"}],"replies":[{"embeddable":true,"href":"https:\/\/rachecourt.be\/index.php\/wp-json\/wp\/v2\/comments?post=35"}],"version-history":[{"count":4,"href":"https:\/\/rachecourt.be\/index.php\/wp-json\/wp\/v2\/posts\/35\/revisions"}],"predecessor-version":[{"id":99,"href":"https:\/\/rachecourt.be\/index.php\/wp-json\/wp\/v2\/posts\/35\/revisions\/99"}],"wp:attachment":[{"href":"https:\/\/rachecourt.be\/index.php\/wp-json\/wp\/v2\/media?parent=35"}],"wp:term":[{"taxonomy":"category","embeddable":true,"href":"https:\/\/rachecourt.be\/index.php\/wp-json\/wp\/v2\/categories?post=35"},{"taxonomy":"post_tag","embeddable":true,"href":"https:\/\/rachecourt.be\/index.php\/wp-json\/wp\/v2\/tags?post=35"}],"curies":[{"name":"wp","href":"https:\/\/api.w.org\/{rel}","templated":true}]}}